{"id":1463,"date":"2025-08-31T10:36:00","date_gmt":"2025-08-31T08:36:00","guid":{"rendered":"https:\/\/www.yamahakatowice.pl\/?p=1463"},"modified":"2025-08-31T19:44:00","modified_gmt":"2025-08-31T17:44:00","slug":"kalendarz-roku-szkolnego-2025-2026","status":"publish","type":"post","link":"https:\/\/www.yamahakatowice.pl\/index.php\/2025\/08\/31\/kalendarz-roku-szkolnego-2025-2026\/","title":{"rendered":"Kalendarz roku szkolnego 2025\/2026"},"content":{"rendered":"\n<p><strong>1.09.2025<\/strong> &#8211; rozpocz\u0119cie roku szkolnego <br><strong>26.06.2026<\/strong> &#8211; zako\u0144czenie roku szkolnego <\/p>\n\n\n\n<h3 class=\"wp-block-heading\"><strong>FERIE<\/strong><\/h3>\n\n\n\n<p><strong>24.12.2025 &#8211; 1.01.2026<\/strong> &#8211; Zimowa Przerwa \u015awi\u0105teczna <br><strong>16.02.2026 &#8211; 1.03.2026<\/strong> &#8211; Ferie Zimowe<br><strong>2.04.2026 &#8211; 7.04.2026<\/strong> &#8211; Wiosenna Przerwa \u015awi\u0105teczna<\/p>\n\n\n\n<h3 class=\"wp-block-heading\"><strong>DNI WOLNE<\/strong><\/h3>\n\n\n\n<p><strong>11.11.2025<\/strong> &#8211; Narodowe \u015awi\u0119to Niepodleg\u0142o\u015bci <br><strong>1.01.2026<\/strong> &#8211; Nowy Rok<br><strong>6.01.2026<\/strong> &#8211; \u015awi\u0119to Objawienia Pa\u0144skiego (Trzech Kr\u00f3li)<br><strong>1.05.2026 <\/strong>&#8211; Mi\u0119dzynarodowe \u015awi\u0119to Pracy<br><strong>4.06.2026 <\/strong>&#8211; \u015awi\u0119to Cia\u0142a i Krwi Pa\u0144skiej (Bo\u017ce Cia\u0142o)<\/p>\n\n\n\n<h5 class=\"wp-block-heading\"><strong>DODATKOWE DNI WOLNE dla dni o wi\u0119kszej liczbie zaj\u0119\u0107 ni\u017c 37<\/strong><\/h5>\n\n\n\n<p><strong>Poniedzia\u0142ki<\/strong>: 10.11.2025, 5.01.2026<br><strong>\u015arody<\/strong>: 1.04.2026<br><strong>Pi\u0105tki<\/strong>: 2.01.2026<\/p>\n\n\n\n<h5 class=\"wp-block-heading\"><strong>DODATKOWE DNI PRACUJ\u0104CE dla dni o mniejszej liczbie zaj\u0119\u0107 ni\u017c 37<\/strong><\/h5>\n\n\n\n<p><strong>Poniedzia\u0142ki<\/strong>: 22.12.2025<br><strong>Wtorki<\/strong>: 23.12.2025<\/p>\n","protected":false},"excerpt":{"rendered":"<p>Ferie, \u015bwi\u0119ta, dni dodatkowo wolne i dodatkowo pracuj\u0105ce &#8211; wszystkie najwa\u017cniejsze informacje o kalendarzu na nowy rok szkolny. <\/p>\n","protected":false},"author":4,"featured_media":273,"comment_status":"open","ping_status":"open","sticky":false,"template":"","format":"standard","meta":{"footnotes":""},"categories":[7],"tags":[9,10,8],"class_list":["post-1463","post","type-post","status-publish","format-standard","has-post-thumbnail","hentry","category-komunikaty","tag-komunikat","tag-organizacja","tag-yamaha"],"_links":{"self":[{"href":"https:\/\/www.yamahakatowice.pl\/index.php\/wp-json\/wp\/v2\/posts\/1463","targetHints":{"allow":["GET"]}}],"collection":[{"href":"https:\/\/www.yamahakatowice.pl\/index.php\/wp-json\/wp\/v2\/posts"}],"about":[{"href":"https:\/\/www.yamahakatowice.pl\/index.php\/wp-json\/wp\/v2\/types\/post"}],"author":[{"embeddable":true,"href":"https:\/\/www.yamahakatowice.pl\/index.php\/wp-json\/wp\/v2\/users\/4"}],"replies":[{"embeddable":true,"href":"https:\/\/www.yamahakatowice.pl\/index.php\/wp-json\/wp\/v2\/comments?post=1463"}],"version-history":[{"count":7,"href":"https:\/\/www.yamahakatowice.pl\/index.php\/wp-json\/wp\/v2\/posts\/1463\/revisions"}],"predecessor-version":[{"id":1469,"href":"https:\/\/www.yamahakatowice.pl\/index.php\/wp-json\/wp\/v2\/posts\/1463\/revisions\/1469"}],"wp:featuredmedia":[{"embeddable":true,"href":"https:\/\/www.yamahakatowice.pl\/index.php\/wp-json\/wp\/v2\/media\/273"}],"wp:attachment":[{"href":"https:\/\/www.yamahakatowice.pl\/index.php\/wp-json\/wp\/v2\/media?parent=1463"}],"wp:term":[{"taxonomy":"category","embeddable":true,"href":"https:\/\/www.yamahakatowice.pl\/index.php\/wp-json\/wp\/v2\/categories?post=1463"},{"taxonomy":"post_tag","embeddable":true,"href":"https:\/\/www.yamahakatowice.pl\/index.php\/wp-json\/wp\/v2\/tags?post=1463"}],"curies":[{"name":"wp","href":"https:\/\/api.w.org\/{rel}","templated":true}]}}